{"id":1021,"date":"2025-04-28T10:00:53","date_gmt":"2025-04-28T07:00:53","guid":{"rendered":"https:\/\/www.kumpumaki.fi\/kumpumaki\/?p=1021"},"modified":"2025-04-28T10:00:53","modified_gmt":"2025-04-28T07:00:53","slug":"kevat-kauden-paattyminen-2025","status":"publish","type":"post","link":"https:\/\/www.kumpumaki.fi\/kumpumaki\/?p=1021","title":{"rendered":"Kev\u00e4t kauden p\u00e4\u00e4ttyminen 2025"},"content":{"rendered":"\n<p>Hyv\u00e4t asiakkaat, kev\u00e4t kausi p\u00e4\u00e4ttyy lauantaina 31.5.2025.<\/p>\n\n\n\n<p>Huolithan r\u00e4stisi pois ennen sit\u00e4. Syyskaudelle ilmoittautuminen tapahtuu maksamalla varausmaksu 50\u20ac 20.6.2025 menness\u00e4. Varausmaksu hyvitet\u00e4\u00e4n syyskauden laskusta.<\/p>\n\n\n\n<p>Syyskausi alkaa maanantaina 4.8. Jos tied\u00e4t, ettet jatka tuntipaikallasi syksyll\u00e4, ilmoitathan siit\u00e4 Mialle jo toukokuussa, viimeist\u00e4\u00e4n 15.5.<\/p>\n\n\n\n<p>Kes\u00e4ll\u00e4 j\u00e4rjestet\u00e4\u00e4n tunteja ma-ke iltaisin ja kes\u00e4ntuntipaikkoja voi tiedustella Mialta.<\/p>\n\n\n\n<p>Omalle porukalle j\u00e4rjestet\u00e4\u00e4n harrastep\u00e4ivi\u00e4 klo 9:30-14:00. Harrastep\u00e4iv\u00e4\u00e4n kuuluu kaksi tuntia ratsastusta ja tuntien sis\u00e4ll\u00f6t voi valita itse. Harrastep\u00e4ivi\u00e4 j\u00e4rjestet\u00e4\u00e4n hein\u00e4kuussa.<\/p>\n\n\n\n<p>Kes\u00e4n kurssitarjonta on perinteinen ja maastoratsastuksia pyrit\u00e4\u00e4n j\u00e4rjest\u00e4m\u00e4\u00e4n kysynn\u00e4n mukaan. Yksityis- ja pienryhm\u00e4tunteja j\u00e4rjestet\u00e4\u00e4n koko kes\u00e4n ajan. <\/p>\n\n\n\n<p>Mukavaa kes\u00e4\u00e4 kaikille<\/p>\n\n\n\n<p>Toivoo: Mia ja kavioel\u00e4imet<\/p>\n","protected":false},"excerpt":{"rendered":"<p>Hyv\u00e4t asiakkaat, kev\u00e4t kausi p\u00e4\u00e4ttyy lauantaina 31.5.2025. Huolithan r\u00e4stisi pois ennen sit\u00e4. Syyskaudelle ilmoittautuminen tapahtuu maksamalla varausmaksu 50\u20ac 20.6.2025 menness\u00e4. Varausmaksu hyvitet\u00e4\u00e4n syyskauden laskusta. Syyskausi alkaa maanantaina 4.8. Jos tied\u00e4t, ettet jatka tuntipaikallasi syksyll\u00e4, ilmoitathan siit\u00e4 Mialle jo toukokuussa, viimeist\u00e4\u00e4n 15.5. Kes\u00e4ll\u00e4 j\u00e4rjestet\u00e4\u00e4n tunteja ma-ke iltaisin ja kes\u00e4ntuntipaikkoja voi tiedustella<\/p>\n","protected":false},"author":4,"featured_media":0,"comment_status":"closed","ping_status":"open","sticky":false,"template":"","format":"standard","meta":{"footnotes":""},"categories":[1],"tags":[],"class_list":["post-1021","post","type-post","status-publish","format-standard","hentry","category-yleinen"],"_links":{"self":[{"href":"https:\/\/www.kumpumaki.fi\/kumpumaki\/index.php?rest_route=\/wp\/v2\/posts\/1021","targetHints":{"allow":["GET"]}}],"collection":[{"href":"https:\/\/www.kumpumaki.fi\/kumpumaki\/index.php?rest_route=\/wp\/v2\/posts"}],"about":[{"href":"https:\/\/www.kumpumaki.fi\/kumpumaki\/index.php?rest_route=\/wp\/v2\/types\/post"}],"author":[{"embeddable":true,"href":"https:\/\/www.kumpumaki.fi\/kumpumaki\/index.php?rest_route=\/wp\/v2\/users\/4"}],"replies":[{"embeddable":true,"href":"https:\/\/www.kumpumaki.fi\/kumpumaki\/index.php?rest_route=%2Fwp%2Fv2%2Fcomments&post=1021"}],"version-history":[{"count":1,"href":"https:\/\/www.kumpumaki.fi\/kumpumaki\/index.php?rest_route=\/wp\/v2\/posts\/1021\/revisions"}],"predecessor-version":[{"id":1022,"href":"https:\/\/www.kumpumaki.fi\/kumpumaki\/index.php?rest_route=\/wp\/v2\/posts\/1021\/revisions\/1022"}],"wp:attachment":[{"href":"https:\/\/www.kumpumaki.fi\/kumpumaki\/index.php?rest_route=%2Fwp%2Fv2%2Fmedia&parent=1021"}],"wp:term":[{"taxonomy":"category","embeddable":true,"href":"https:\/\/www.kumpumaki.fi\/kumpumaki\/index.php?rest_route=%2Fwp%2Fv2%2Fcategories&post=1021"},{"taxonomy":"post_tag","embeddable":true,"href":"https:\/\/www.kumpumaki.fi\/kumpumaki\/index.php?rest_route=%2Fwp%2Fv2%2Ftags&post=1021"}],"curies":[{"name":"wp","href":"https:\/\/api.w.org\/{rel}","templated":true}]}}