{"id":486,"date":"2020-04-30T02:19:01","date_gmt":"2020-04-29T23:19:01","guid":{"rendered":"http:\/\/www.kumpumaki.fi\/kumpumaki\/?p=486"},"modified":"2020-04-30T02:19:01","modified_gmt":"2020-04-29T23:19:01","slug":"kumpumaen-kesan-2020-toimintaa","status":"publish","type":"post","link":"https:\/\/www.kumpumaki.fi\/kumpumaki\/?p=486","title":{"rendered":"Kumpum\u00e4en kes\u00e4n 2020 toimintaa"},"content":{"rendered":"\n<p>Hyv\u00e4t asiakkaat, kev\u00e4tkausi p\u00e4\u00e4ttyy 31.5. <\/p>\n\n\n\n<p>Poikkeuksellisesti koronar\u00e4stej\u00e4 saa suorittaa 1.8. saakka. <\/p>\n\n\n\n<p>Syyskaudelle ilmoittautuminen tapahtuu maksamalla varausmaksun 50\u20ac (hyvitet\u00e4\u00e4n syksyn laskusta) 1.7. menness\u00e4.<\/p>\n\n\n\n<p>Syyskausi alkaa maanantaina 3.8. Jos tied\u00e4t, ett\u00e4 et jatka tuntipaikalla syksyll\u00e4, ole hyv\u00e4 ja ilmoita siit\u00e4 ennen 30.5. <\/p>\n\n\n\n<p>Leirikes\u00e4 on t\u00e4n\u00e4 vuonna valitettavasti peruttu. Kes\u00e4n ajan j\u00e4rjestet\u00e4\u00e4n iltatunteja ma-to. Kes\u00e4lle on myynniss\u00e4 oma kymppikorttinsa 250\u20ac. Kes\u00e4n tuntipaikat ovat varattavissa Mialta.<\/p>\n\n\n\n<p>Kes\u00e4n kursseilla on viel\u00e4 joitakin paikkoja ja yksityis- ja pienryhm\u00e4tunteja pid\u00e4n sopimuksen mukaan.  Omalle porukalle voi varata harrastep\u00e4ivi\u00e4 sopimuksen mukaan.  <\/p>\n\n\n\n<p>Harrastep\u00e4iv\u00e4n sis\u00e4lt\u00f6:<\/p>\n\n\n\n<ul class=\"wp-block-list\"><li>Sis\u00e4lt\u00e4\u00e4 2h ratsastusta, saat valita aiheet ja voit varata tietyn hevosen<\/li><li>Ratsastus aamu- ja iltap\u00e4iv\u00e4ll\u00e4, hevosen hoitoa ja ev\u00e4stauko v\u00e4liss\u00e4 (omat ev\u00e4\u00e4t) max. 3 hl\u00f6 kerrallaan, kuitenkin v\u00e4hint\u00e4\u00e4n kaksi<\/li><li>Hinta 35\u20ac\/hl\u00f6<\/li><li>Varaukset Mialta.<\/li><\/ul>\n\n\n\n<p><\/p>\n\n\n\n<p>Mukavaa kes\u00e4\u00e4 kaikille, kiitos kuluneesta kaudesta! Pysyt\u00e4\u00e4n tervein\u00e4!<\/p>\n","protected":false},"excerpt":{"rendered":"<p>Hyv\u00e4t asiakkaat, kev\u00e4tkausi p\u00e4\u00e4ttyy 31.5. Poikkeuksellisesti koronar\u00e4stej\u00e4 saa suorittaa 1.8. saakka. Syyskaudelle ilmoittautuminen tapahtuu maksamalla varausmaksun 50\u20ac (hyvitet\u00e4\u00e4n syksyn laskusta) 1.7. menness\u00e4. Syyskausi alkaa maanantaina 3.8. Jos tied\u00e4t, ett\u00e4 et jatka tuntipaikalla syksyll\u00e4, ole hyv\u00e4 ja ilmoita siit\u00e4 ennen 30.5. Leirikes\u00e4 on t\u00e4n\u00e4 vuonna valitettavasti peruttu. Kes\u00e4n ajan j\u00e4rjestet\u00e4\u00e4n iltatunteja<\/p>\n","protected":false},"author":4,"featured_media":0,"comment_status":"closed","ping_status":"open","sticky":false,"template":"","format":"standard","meta":{"footnotes":""},"categories":[1],"tags":[],"class_list":["post-486","post","type-post","status-publish","format-standard","hentry","category-yleinen"],"_links":{"self":[{"href":"https:\/\/www.kumpumaki.fi\/kumpumaki\/index.php?rest_route=\/wp\/v2\/posts\/486","targetHints":{"allow":["GET"]}}],"collection":[{"href":"https:\/\/www.kumpumaki.fi\/kumpumaki\/index.php?rest_route=\/wp\/v2\/posts"}],"about":[{"href":"https:\/\/www.kumpumaki.fi\/kumpumaki\/index.php?rest_route=\/wp\/v2\/types\/post"}],"author":[{"embeddable":true,"href":"https:\/\/www.kumpumaki.fi\/kumpumaki\/index.php?rest_route=\/wp\/v2\/users\/4"}],"replies":[{"embeddable":true,"href":"https:\/\/www.kumpumaki.fi\/kumpumaki\/index.php?rest_route=%2Fwp%2Fv2%2Fcomments&post=486"}],"version-history":[{"count":3,"href":"https:\/\/www.kumpumaki.fi\/kumpumaki\/index.php?rest_route=\/wp\/v2\/posts\/486\/revisions"}],"predecessor-version":[{"id":489,"href":"https:\/\/www.kumpumaki.fi\/kumpumaki\/index.php?rest_route=\/wp\/v2\/posts\/486\/revisions\/489"}],"wp:attachment":[{"href":"https:\/\/www.kumpumaki.fi\/kumpumaki\/index.php?rest_route=%2Fwp%2Fv2%2Fmedia&parent=486"}],"wp:term":[{"taxonomy":"category","embeddable":true,"href":"https:\/\/www.kumpumaki.fi\/kumpumaki\/index.php?rest_route=%2Fwp%2Fv2%2Fcategories&post=486"},{"taxonomy":"post_tag","embeddable":true,"href":"https:\/\/www.kumpumaki.fi\/kumpumaki\/index.php?rest_route=%2Fwp%2Fv2%2Ftags&post=486"}],"curies":[{"name":"wp","href":"https:\/\/api.w.org\/{rel}","templated":true}]}}